{"id":5494,"date":"2026-04-14T10:51:00","date_gmt":"2026-04-14T08:51:00","guid":{"rendered":"https:\/\/imr-servicios.com\/electricidad\/sin-categoria\/electricista-24-horas-en-sant-rafel-de-sa-creu\/"},"modified":"2026-04-14T10:51:00","modified_gmt":"2026-04-14T08:51:00","slug":"electricista-24-horas-en-sant-rafel-de-sa-creu","status":"publish","type":"post","link":"https:\/\/imr-servicios.com\/electricidad\/baleares\/electricista-24-horas-en-sant-rafel-de-sa-creu\/","title":{"rendered":"Electricista 24 horas en Sant Rafel de sa Creu"},"content":{"rendered":"<section class=\"bloque-hero-bofu\">\n<h2>\u00bfLa instalaci\u00f3n el\u00e9ctrica ha dejado de funcionar correctamente? Electricista 24 horas en Sant Rafel de sa Creu<\/h2>\n<p class=\"hero-subtitulo\">Realizamos asistencias urgentes en viviendas, negocios, comunidades y locales con problemas el\u00e9ctricos de todo tipo.<\/p>\n<div class=\"hero-cta\"> <a href=\"https:\/\/imr-servicios.com\/electricidad\/contacto\/\" class=\"btn-llamar\"> &#9993; Solicitar asistencia <\/a> <\/div>\n<div class=\"micro-trust\"> <span>Instalaciones el\u00e9ctricas<\/span><span>Electricidad urgente<\/span><span>Instalaciones el\u00e9ctricas<\/span><span>Revisi\u00f3n previa<\/span> <\/div>\n<\/section>\n<section class=\"bloque-servicios-principales\">\n<div class=\"servicios-header\"> <span class=\"servicios-badge\">Electricista urgente \u00b7 Aver\u00edas \u00b7 Cuadros el\u00e9ctricos \u00b7 Cortes de suministro<\/span> <\/p>\n<h2>Trabajos habituales de electricidad urgente en Sant Rafel de sa Creu<\/h2>\n<p class=\"servicios-intro-texto\"> Realizamos reparaciones el\u00e9ctricas, sustituci\u00f3n de componentes y trabajos relacionados con aver\u00edas o circuitos que dejan de responder correctamente. <\/p>\n<p class=\"servicios-intro-texto\"> A continuaci\u00f3n puedes ver algunos de los servicios de electricidad que realizamos habitualmente en Sant Rafel de sa Creu tanto en viviendas particulares como en negocios y comunidades. <\/p>\n<\/p><\/div>\n<div class=\"servicios-grid\">\n<div class=\"servicio-card\">\n<div class=\"servicio-card-top\"> <span class=\"servicio-check\">&#128295;<\/span> <\/p>\n<h3>Cortes de suministro el\u00e9ctrico<\/h3>\n<\/p><\/div>\n<div class=\"servicio-card-content\"> <span class=\"servicio-mini-label\">Servicio habitual<\/span> <\/p>\n<p>Muchos avisos urgentes aparecen cuando una vivienda o local se queda sin suministro el\u00e9ctrico de forma repentina.<\/p>\n<\/p><\/div>\n<\/p><\/div>\n<div class=\"servicio-card\">\n<div class=\"servicio-card-top\"> <span class=\"servicio-check\">&#128295;<\/span> <\/p>\n<h3>Electricista urgente 24 horas<\/h3>\n<\/p><\/div>\n<div class=\"servicio-card-content\"> <span class=\"servicio-mini-label\">Servicio habitual<\/span> <\/p>\n<p>Atendemos incidencias urgentes relacionadas con cortes de suministro, aver\u00edas el\u00e9ctricas y problemas que requieren intervenci\u00f3n inmediata.<\/p>\n<\/p><\/div>\n<\/p><\/div>\n<div class=\"servicio-card\">\n<div class=\"servicio-card-top\"> <span class=\"servicio-check\">&#128295;<\/span> <\/p>\n<h3>Aver\u00edas el\u00e9ctricas en locales y negocios<\/h3>\n<\/p><\/div>\n<div class=\"servicio-card-content\"> <span class=\"servicio-mini-label\">Servicio habitual<\/span> <\/p>\n<p>Atendemos incidencias el\u00e9ctricas relacionadas con locales comerciales, oficinas y negocios que necesitan recuperar el suministro o la operatividad.<\/p>\n<\/p><\/div>\n<\/p><\/div>\n<div class=\"servicio-card\">\n<div class=\"servicio-card-top\"> <span class=\"servicio-check\">&#128295;<\/span> <\/p>\n<h3>Sustituci\u00f3n de diferenciales<\/h3>\n<\/p><\/div>\n<div class=\"servicio-card-content\"> <span class=\"servicio-mini-label\">Servicio habitual<\/span> <\/p>\n<p>Realizamos cambios de diferenciales deteriorados, averiados o que ya no ofrecen un funcionamiento correcto.<\/p>\n<\/p><\/div>\n<\/p><\/div>\n<div class=\"servicio-card\">\n<div class=\"servicio-card-top\"> <span class=\"servicio-check\">&#128295;<\/span> <\/p>\n<h3>Localizaci\u00f3n de aver\u00edas el\u00e9ctricas<\/h3>\n<\/p><\/div>\n<div class=\"servicio-card-content\"> <span class=\"servicio-mini-label\">Servicio habitual<\/span> <\/p>\n<p>Localizamos aver\u00edas en instalaciones el\u00e9ctricas intentando identificar el origen del problema sin intervenir en elementos innecesarios.<\/p>\n<\/p><\/div>\n<\/p><\/div>\n<div class=\"servicio-card\">\n<div class=\"servicio-card-top\"> <span class=\"servicio-check\">&#128295;<\/span> <\/p>\n<h3>Diferenciales que saltan constantemente<\/h3>\n<\/p><\/div>\n<div class=\"servicio-card-content\"> <span class=\"servicio-mini-label\">Servicio habitual<\/span> <\/p>\n<p>Revisamos instalaciones donde el diferencial se dispara repetidamente e impide utilizar la instalaci\u00f3n con normalidad.<\/p>\n<\/p><\/div>\n<\/p><\/div>\n<div class=\"servicio-card\">\n<div class=\"servicio-card-top\"> <span class=\"servicio-check\">&#128295;<\/span> <\/p>\n<h3>Magnetot\u00e9rmicos averiados<\/h3>\n<\/p><\/div>\n<div class=\"servicio-card-content\"> <span class=\"servicio-mini-label\">Servicio habitual<\/span> <\/p>\n<p>Realizamos intervenciones relacionadas con magnetot\u00e9rmicos que dejan de funcionar correctamente o generan incidencias repetidas.<\/p>\n<\/p><\/div>\n<\/p><\/div>\n<div class=\"servicio-card\">\n<div class=\"servicio-card-top\"> <span class=\"servicio-check\">&#128295;<\/span> <\/p>\n<h3>Sustituci\u00f3n de magnetot\u00e9rmicos<\/h3>\n<\/p><\/div>\n<div class=\"servicio-card-content\"> <span class=\"servicio-mini-label\">Servicio habitual<\/span> <\/p>\n<p>Sustituimos magnetot\u00e9rmicos deteriorados o averiados por componentes compatibles con la instalaci\u00f3n existente.<\/p>\n<\/p><\/div>\n<\/p><\/div>\n<\/p><\/div>\n<div class=\"servicios-cta-soft\">\n<p>Hay aver\u00edas que se solucionan revisando o ajustando determinados elementos sin necesidad de intervenir sobre toda la instalaci\u00f3n.<\/p>\n<p> <a href=\"#contacto\">Consultar incidencia<\/a> <\/div>\n<\/section>\n<section class=\"bloque-por-que-elegirnos\">\n<h2>Clientes que vuelven a recurrir a nuestros servicios el\u00e9ctricos en Sant Rafel de sa Creu<\/h2>\n<p>Revisamos cada situaci\u00f3n de forma razonable antes de plantear cambios completos o actuaciones innecesarias sobre la instalaci\u00f3n el\u00e9ctrica.<\/p>\n<p>Muchas veces el problema est\u00e1 localizado en un componente concreto, un circuito o un punto determinado y no en toda la instalaci\u00f3n, por eso preferimos comprobar primero el estado general del sistema.<\/p>\n<div class=\"nota-operativa\"> <span>Forma habitual de actuar:<\/span> <\/p>\n<p>Siempre que la situaci\u00f3n lo permite intentamos trabajar de forma cuidadosa y utilizando herramientas adecuadas para cada intervenci\u00f3n.<\/p>\n<\/p><\/div>\n<div class=\"diferenciales-grid\">\n<div class=\"diferencial-item\">\n<h3>Explicaciones claras<\/h3>\n<p>Muchas personas agradecen entender qu\u00e9 est\u00e1 ocurriendo realmente antes de decidir c\u00f3mo actuar sobre la instalaci\u00f3n.<\/p>\n<\/p><\/div>\n<div class=\"diferencial-item\">\n<h3>Diagn\u00f3stico preciso<\/h3>\n<p>En muchas incidencias conseguimos localizar el origen del problema antes de plantear sustituciones o reparaciones mayores.<\/p>\n<\/p><\/div>\n<div class=\"diferencial-item\">\n<h3>Valoraci\u00f3n razonable<\/h3>\n<p>Revisamos el estado real de la instalaci\u00f3n antes de plantear cambios completos o sustituciones innecesarias.<\/p>\n<\/p><\/div>\n<div class=\"diferencial-item\">\n<h3>Intervenciones razonables<\/h3>\n<p>Muchas veces una revisi\u00f3n correcta evita cambiar componentes que todav\u00eda pueden seguir funcionando correctamente.<\/p>\n<\/p><\/div>\n<\/p><\/div>\n<\/section>\n<section class=\"bloque-prueba-social\">\n<h2>Opiniones sobre intervenciones el\u00e9ctricas urgentes realizadas en Sant Rafel de sa Creu<\/h2>\n<div class=\"intro-prueba-social\">\n<p>En Sant Rafel de sa Creu son frecuentes los avisos relacionados con cortes de suministro, cuadros el\u00e9ctricos que presentan fallos o instalaciones que empiezan a mostrar incidencias de forma progresiva.<\/p>\n<p>En este tipo de situaciones, muchas personas buscan no solo rapidez, sino tambi\u00e9n tranquilidad y claridad durante todo el proceso de revisi\u00f3n.<\/p>\n<p>Las intervenciones pueden variar bastante dependiendo del estado real de la instalaci\u00f3n y del origen de la aver\u00eda.<\/p>\n<p>Gran parte de las opiniones positivas suelen estar relacionadas con trabajos realizados sin prisas, explicaciones comprensibles y soluciones ajustadas a cada caso concreto.<\/p>\n<\/p><\/div>\n<div class=\"reviews-wrapper\">\n<div class=\"review-item top-stars-review\">\n<div class=\"review-icon\">&#128172;<\/div>\n<div class=\"review-stars\">\u2605\u2605\u2605\u2605\u2605<\/div>\n<p> <strong>Sandra Mart\u00ednez<\/strong> <\/p>\n<p>Escuchamos un peque\u00f1o ruido y de repente dej\u00f3 de funcionar media casa. Pens\u00e1bamos que nos quedar\u00edamos toda la noche sin luz, pero consiguieron solucionarlo bastante m\u00e1s r\u00e1pido de lo que imagin\u00e1bamos.<\/p>\n<\/p><\/div>\n<div class=\"review-item top-stars-review\">\n<div class=\"review-icon\">&#128172;<\/div>\n<div class=\"review-stars\">\u2605\u2605\u2605\u2605\u2606<\/div>\n<p> <strong>\u00c1ngel S.<\/strong> <\/p>\n<p>Intentamos comprobar varias cosas por nuestra cuenta porque pens\u00e1bamos que ser\u00eda algo sencillo, pero solo conseguimos preocuparnos m\u00e1s. Menos mal que revisaron primero toda la instalaci\u00f3n porque al final localizaron la aver\u00eda sin necesidad de hacer nada exagerado.<\/p>\n<\/p><\/div>\n<div class=\"review-item top-stars-review\">\n<div class=\"review-icon\">&#128172;<\/div>\n<div class=\"review-stars\">\u2605\u2605\u2605\u2605\u2605<\/div>\n<p> <strong>Paco Ruiz<\/strong> <\/p>\n<p>Muy buen trato y bastante claros explicando qu\u00e9 opciones hab\u00eda antes de hacer la intervenci\u00f3n. Nos ense\u00f1aron incluso qu\u00e9 componentes estaban deteriorados y dejaron todo funcionando mucho mejor.<\/p>\n<\/p><\/div>\n<div class=\"review-item top-stars-review\">\n<div class=\"review-icon\">&#128172;<\/div>\n<div class=\"review-stars\">\u2605\u2605\u2605\u2605\u2606<\/div>\n<p> <strong>M Carmen<\/strong> <\/p>\n<p>Muy atentos desde el principio. Revisaron primero el cuadro y el estado general de la instalaci\u00f3n antes de recomendar ninguna actuaci\u00f3n. Eso da bastante confianza cuando uno no entiende del tema.<\/p>\n<\/p><\/div>\n<div class=\"review-item top-stars-review\">\n<div class=\"review-icon\">&#128172;<\/div>\n<div class=\"review-stars\">\u2605\u2605\u2605\u2605\u2606<\/div>\n<p> <strong>Paco Ruiz<\/strong> <\/p>\n<p>Muy agradecidos porque nos solucionaron la incidencia bastante r\u00e1pido para las horas que eran. Ya pens\u00e1bamos pasar la noche sin suministro y al final qued\u00f3 resuelto mucho antes de lo esperado.<\/p>\n<\/p><\/div>\n<div class=\"review-item top-stars-review\">\n<div class=\"review-icon\">&#128172;<\/div>\n<div class=\"review-stars\">\u2605\u2605\u2605\u2605\u2606<\/div>\n<p> <strong>Miguel \u00c1ngel R.<\/strong> <\/p>\n<p>Muy buena atenci\u00f3n pese a ser festivo y casi medianoche. Nos hab\u00edamos quedado sin luz en varias zonas de la vivienda y fueron bastante claros desde el principio.<\/p>\n<\/p><\/div>\n<div class=\"review-item top-stars-review\">\n<div class=\"review-icon\">&#128172;<\/div>\n<div class=\"review-stars\">\u2605\u2605\u2605\u2605\u00bd<\/div>\n<p> <strong>Vicente P.<\/strong> <\/p>\n<p>La aver\u00eda apareci\u00f3 justo durante el puente de agosto cuando volv\u00edamos de pasar el d\u00eda fuera. Menos mal que contestaron r\u00e1pido porque ya era bastante tarde y no sab\u00edamos qu\u00e9 hacer.<\/p>\n<\/p><\/div>\n<div class=\"review-item top-stars-review\">\n<div class=\"review-icon\">&#128172;<\/div>\n<div class=\"review-stars\">\u2605\u2605\u2605\u2605\u2606<\/div>\n<p> <strong>Noelia Pastor<\/strong> <\/p>\n<p>La instalaci\u00f3n ya ven\u00eda dando problemas desde hac\u00eda meses y al final termin\u00f3 pasando lo que nos tem\u00edamos. Menos mal que localizaron el origen de la aver\u00eda antes de que afectara a m\u00e1s elementos.<\/p>\n<\/p><\/div>\n<\/p><\/div>\n<\/section>\n<section class=\"bloque-consejos-seguridad\">\n<div class=\"consejos-header\"> <span class=\"consejos-badge\"> \u26a1 Aver\u00edas \u00b7 Seguridad \u00b7 Recomendaciones b\u00e1sicas <\/span> <\/p>\n<h2>C\u00f3mo actuar ante una aver\u00eda el\u00e9ctrica mientras recibes asistencia<\/h2>\n<p>No todas las aver\u00edas el\u00e9ctricas presentan el mismo nivel de riesgo, pero muchas de ellas requieren cierta precauci\u00f3n hasta conocer exactamente qu\u00e9 est\u00e1 ocurriendo.<\/p>\n<p>Algunas comprobaciones sencillas pueden aportar informaci\u00f3n \u00fatil sin necesidad de manipular elementos el\u00e9ctricos de forma directa.<\/p>\n<\/p><\/div>\n<div class=\"consejos-grid\">\n<div class=\"consejo-card\">\n<div class=\"consejo-card-top\"> <span class=\"consejo-emoji\">\u26a1<\/span> <\/div>\n<div class=\"consejo-card-content\">\n<h3>Si el problema parece estar en el cuadro el\u00e9ctrico<\/h3>\n<p>No resulta recomendable desmontar protecciones o manipular componentes internos cuando se desconoce el origen de la incidencia.<\/p>\n<\/p><\/div>\n<\/p><\/div>\n<div class=\"consejo-card\">\n<div class=\"consejo-card-top\"> <span class=\"consejo-emoji\">\u26a1<\/span> <\/div>\n<div class=\"consejo-card-content\">\n<h3>Si el diferencial ha saltado<\/h3>\n<p>Evita rearmarlo de forma repetida si vuelve a desconectarse inmediatamente. Esto puede indicar una incidencia que requiere revisi\u00f3n.<\/p>\n<\/p><\/div>\n<\/p><\/div>\n<div class=\"consejo-card\">\n<div class=\"consejo-card-top\"> <span class=\"consejo-emoji\">\u26a1<\/span> <\/div>\n<div class=\"consejo-card-content\">\n<h3>Si la incidencia apareci\u00f3 de forma repentina<\/h3>\n<p>Recordar qu\u00e9 equipos estaban funcionando en ese momento puede aportar informaci\u00f3n \u00fatil durante la revisi\u00f3n.<\/p>\n<\/p><\/div>\n<\/p><\/div>\n<div class=\"consejo-card\">\n<div class=\"consejo-card-top\"> <span class=\"consejo-emoji\">\u26a1<\/span> <\/div>\n<div class=\"consejo-card-content\">\n<h3>Si observas chispas o destellos<\/h3>\n<p>Evita utilizar el punto afectado y procura mantenerlo fuera de servicio hasta que pueda revisarse correctamente.<\/p>\n<\/p><\/div>\n<\/p><\/div>\n<\/p><\/div>\n<\/section>\n<section class=\"bloque-cobertura-geolocal\">\n<div class=\"geo-header\"> <span class=\"geo-badge\"> Cobertura y desplazamientos <\/span> <\/p>\n<h2>Electricistas disponibles en Sant Rafel de sa Creu y localidades cercanas<\/h2>\n<p>Tambi\u00e9n cubrimos diferentes zonas de la comarca cercanas a Sant Rafel de sa Creu para servicios habituales de electricidad.<\/p>\n<p>Muchos avisos llegan desde urbanizaciones, \u00e1reas residenciales y peque\u00f1os n\u00facleos urbanos.<\/p>\n<p>Los tiempos de actuaci\u00f3n pueden variar seg\u00fan la ubicaci\u00f3n concreta.<\/p>\n<\/p><\/div>\n<div class=\"zonas-cobertura\">\n<div class=\"zonas-header\">\n<h3>M\u00e1s zonas con servicio<\/h3>\n<\/p><\/div>\n<div class=\"zonas-grid\"> <a class=\"zona-card\" href=\"\/electricidad\/baleares\/electricista-24-horas-en-santa-gertrudis-de-fruitera\/\"> <span class=\"zona-icon\">&#128205;<\/span> <span class=\"zona-texto\">Electricista 24 horas en Santa Gertrudis de Fruitera<\/span> <\/a> <a class=\"zona-card\" href=\"\/electricidad\/baleares\/electricista-24-horas-en-jesus\/\"> <span class=\"zona-icon\">&#128205;<\/span> <span class=\"zona-texto\">Electricista 24 horas en Jes\u00fas<\/span> <\/a> <a class=\"zona-card\" href=\"\/electricidad\/baleares\/electricista-24-horas-en-puig-den-valls\/\"> <span class=\"zona-icon\">&#128205;<\/span> <span class=\"zona-texto\">Electricista 24 horas en Puig d\u2019en Valls<\/span> <\/a> <a class=\"zona-card\" href=\"\/electricidad\/baleares\/electricista-24-horas-en-ibiza\/\"> <span class=\"zona-icon\">&#128205;<\/span> <span class=\"zona-texto\">Electricista 24 horas en Ibiza<\/span> <\/a> <a class=\"zona-card\" href=\"\/electricidad\/baleares\/electricista-24-horas-en-san-jose\/\"> <span class=\"zona-icon\">&#128205;<\/span> <span class=\"zona-texto\">Electricista 24 horas en San Jos\u00e9<\/span> <\/a> <a class=\"zona-card\" href=\"\/electricidad\/baleares\/electricista-24-horas-en-san-antonio-abad\/\"> <span class=\"zona-icon\">&#128205;<\/span> <span class=\"zona-texto\">Electricista 24 horas en San Antonio Abad<\/span> <\/a> <a class=\"zona-card\" href=\"\/electricidad\/baleares\/electricista-24-horas-en-sant-agusti-des-vedra\/\"> <span class=\"zona-icon\">&#128205;<\/span> <span class=\"zona-texto\">Electricista 24 horas en Sant Agust\u00ed des Vedr\u00e0<\/span> <\/a> <a class=\"zona-card\" href=\"\/electricidad\/baleares\/electricista-24-horas-en-santa-eulalia-del-rio\/\"> <span class=\"zona-icon\">&#128205;<\/span> <span class=\"zona-texto\">Electricista 24 horas en Santa Eulalia del R\u00edo<\/span> <\/a> <a class=\"zona-card\" href=\"\/electricidad\/baleares\/electricista-24-horas-en-sant-mateu-dalbarca\/\"> <span class=\"zona-icon\">&#128205;<\/span> <span class=\"zona-texto\">Electricista 24 horas en Sant Mateu d\u2019Albarca<\/span> <\/a> <\/div>\n<\/p><\/div>\n<\/section>\n<section class=\"bloque-mitos-servicio\">\n<h2>Lo que mucha gente piensa cuando se va la luz de repente<\/h2>\n<div class=\"item-mito\">\n<div class=\"mito-label\"> Mito habitual <\/div>\n<p class=\"mito-texto\"> Todos los electricistas llegan en 10 minutos. <\/p>\n<div class=\"realidad-label\"> Situaci\u00f3n real <\/div>\n<p class=\"realidad-texto\"> Eso depende mucho de d\u00f3nde se encuentre la incidencia y de si ya existe otra urgencia en curso. Hay momentos con bastante actividad y otros m\u00e1s tranquilos. <\/p>\n<\/p><\/div>\n<div class=\"item-mito\">\n<div class=\"mito-label\"> Mito habitual <\/div>\n<p class=\"mito-texto\"> Todos los electricistas 24 horas son estafadores. <\/p>\n<div class=\"realidad-label\"> Situaci\u00f3n real <\/div>\n<p class=\"realidad-texto\"> El sector tambi\u00e9n arrastra cierta desconfianza y eso es una realidad. Muchas personas llaman despu\u00e9s de haber tenido malas experiencias o presupuestos poco claros. Por eso solemos explicar primero qu\u00e9 parece estar ocurriendo antes de realizar cualquier intervenci\u00f3n. <\/p>\n<\/p><\/div>\n<div class=\"item-mito\">\n<div class=\"mito-label\"> Mito habitual <\/div>\n<p class=\"mito-texto\"> Manipular los cables ayuda a encontrar antes la aver\u00eda. <\/p>\n<div class=\"realidad-label\"> Situaci\u00f3n real <\/div>\n<p class=\"realidad-texto\"> Eso suele acabar peor. Muchas incidencias se complican precisamente despu\u00e9s de intentar solucionar el problema sin conocer el origen real del fallo. <\/p>\n<\/p><\/div>\n<div class=\"item-mito\">\n<div class=\"mito-label\"> Mito habitual <\/div>\n<p class=\"mito-texto\"> Si el interruptor funciona, el circuito est\u00e1 bien. <\/p>\n<div class=\"realidad-label\"> Situaci\u00f3n real <\/div>\n<p class=\"realidad-texto\"> Hay instalaciones que contin\u00faan funcionando parcialmente aunque existan conexiones defectuosas o componentes deteriorados. <\/p>\n<\/p><\/div>\n<\/section>\n<section class=\"bloque-urgencia-rapidez\">\n<h2>Asistencia urgente para viviendas y negocios en Sant Rafel de sa Creu<\/h2>\n<p>Hay incidencias que necesitan resolverse r\u00e1pido porque afectan directamente al funcionamiento diario de una vivienda, un negocio o una comunidad.<\/p>\n<p>En Sant Rafel de sa Creu realizamos intervenciones urgentes relacionadas con cortes el\u00e9ctricos, instalaciones averiadas y sistemas que dejan de funcionar correctamente.<\/p>\n<div class=\"micro-cta-urgencia\">\n<p>Muchas aver\u00edas pueden resolverse con mayor facilidad cuando la instalaci\u00f3n no ha sido manipulada previamente.<\/p>\n<\/p><\/div>\n<\/section>\n<section class=\"bloque-faq-servicio\">\n<div class=\"faq-header\"> <span class=\"faq-badge\"> Preguntas frecuentes <\/span> <\/p>\n<h2>Dudas habituales antes de solicitar un electricista urgente en Sant Rafel de sa Creu<\/h2>\n<\/p><\/div>\n<div class=\"faq-listado\">\n<details class=\"faq-item\">\n<summary>\u00bfSe entrega informaci\u00f3n previa sobre el tipo de intervenci\u00f3n?<\/summary>\n<div class=\"faq-respuesta\">\n<p>S\u00ed. Antes de sustituir componentes solemos revisar qu\u00e9 est\u00e1 fallando realmente y explicar cu\u00e1l es el origen de la incidencia detectada.<\/p>\n<\/p><\/div>\n<\/details>\n<details class=\"faq-item\">\n<summary>\u00bfSe atienden incidencias en comunidades y negocios?<\/summary>\n<div class=\"faq-respuesta\">\n<p>S\u00ed. Cuadros el\u00e9ctricos, alumbrado comunitario, zonas comunes o instalaciones comerciales forman parte de muchos avisos habituales.<\/p>\n<\/p><\/div>\n<\/details>\n<details class=\"faq-item\">\n<summary>\u00bfLas intervenciones urgentes pueden realizarse de noche?<\/summary>\n<div class=\"faq-respuesta\">\n<p>S\u00ed. Muchas incidencias se producen precisamente fuera del horario habitual, cuando aparece una aver\u00eda o se pierde el suministro el\u00e9ctrico.<\/p>\n<\/p><\/div>\n<\/details>\n<details class=\"faq-item\">\n<summary>\u00bfQu\u00e9 formas de pago suelen aceptarse en servicios de electricidad?<\/summary>\n<div class=\"faq-respuesta\">\n<p>Las formas de pago pueden variar seg\u00fan el tipo de intervenci\u00f3n y disponibilidad, aunque muchas actuaciones permiten pago en efectivo, transferencia, Bizum o dat\u00e1fono.<\/p>\n<\/p><\/div>\n<\/details><\/div>\n<\/section>\n<section class=\"bloque-cta-final\">\n<h2>Nuestros electricistas pueden ayudarte con una urgencia en Sant Rafel de sa Creu<\/h2>\n<p>Cuando nos explican qu\u00e9 ha ocurrido antes del fallo o qu\u00e9 s\u00edntomas presenta la instalaci\u00f3n normalmente es m\u00e1s f\u00e1cil orientar la intervenci\u00f3n.<\/p>\n<p>Muchas instalaciones avisan antes de presentar una aver\u00eda importante: saltan protecciones de forma ocasional, aparecen fallos intermitentes o ciertas zonas dejan de funcionar correctamente.<\/p>\n<div class=\"cta-final-box\"> <a href=\"https:\/\/imr-servicios.com\/electricidad\/contacto\/\" class=\"boton-cta-final\"> &#128233; Contactar con un profesional <\/a> <\/div>\n<\/section>\n<p><script type=\"application\/ld+json\">{\"@context\": \"https:\/\/schema.org\", \"@graph\": [{\"@type\": \"LocalBusiness\", \"priceRange\": \"\u20ac\u20ac\", \"@id\": \"https:\/\/imr-servicios.com\/electricidad\/baleares\/electricista-24-horas-en-sant-rafel-de-sa-creu\/#business\", \"name\": \"electricista 24 horas en Sant Rafel de sa Creu\", \"contactPoint\": {\"@type\": \"ContactPoint\", \"contactType\": \"customer support\", \"url\": \"https:\/\/imr-servicios.com\/electricidad\/contacto\/\"}, \"areaServed\": {\"@type\": \"City\", \"name\": \"Sant Rafel de sa Creu\"}, \"address\": {\"@type\": \"PostalAddress\", \"addressLocality\": \"Sant Rafel de sa Creu\", \"addressCountry\": \"ES\"}, \"url\": \"https:\/\/imr-servicios.com\/electricidad\/baleares\/electricista-24-horas-en-sant-rafel-de-sa-creu\/\", \"openingHours\": \"Mo-Su 00:00-23:59\"}, {\"@type\": \"BreadcrumbList\", \"@id\": \"https:\/\/imr-servicios.com\/electricidad\/baleares\/electricista-24-horas-en-sant-rafel-de-sa-creu\/#breadcrumb\", \"itemListElement\": [{\"@type\": \"ListItem\", \"position\": 1, \"name\": \"Inicio\", \"item\": \"https:\/\/imr-servicios.com\/electricidad\"}, {\"@type\": \"ListItem\", \"position\": 2, \"name\": \"Baleares\", \"item\": \"https:\/\/imr-servicios.com\/electricidad\/baleares\/\"}, {\"@type\": \"ListItem\", \"position\": 3, \"name\": \"electricista 24 horas en Sant Rafel de sa Creu\", \"item\": \"https:\/\/imr-servicios.com\/electricidad\/baleares\/electricista-24-horas-en-sant-rafel-de-sa-creu\/\"}]}, {\"@type\": \"Service\", \"@id\": \"https:\/\/imr-servicios.com\/electricidad\/baleares\/electricista-24-horas-en-sant-rafel-de-sa-creu\/#service\", \"serviceType\": \"electricista 24 horas\", \"areaServed\": {\"@type\": \"City\", \"name\": \"Sant Rafel de sa Creu\"}, \"provider\": {\"@id\": \"https:\/\/imr-servicios.com\/electricidad\/baleares\/electricista-24-horas-en-sant-rafel-de-sa-creu\/#business\"}, \"hasOfferCatalog\": {\"@type\": \"OfferCatalog\", \"name\": \"Servicios de electricista 24 horas\", \"itemListElement\": [{\"@type\": \"Offer\", \"itemOffered\": {\"@type\": \"Service\", \"name\": \"Servicio de electricista 24 horas\"}}]}, \"availableChannel\": {\"@type\": \"ServiceChannel\", \"serviceLocation\": {\"@type\": \"City\", \"name\": \"Sant Rafel de sa Creu\"}}}, {\"@type\": \"WebPage\", \"@id\": \"https:\/\/imr-servicios.com\/electricidad\/baleares\/electricista-24-horas-en-sant-rafel-de-sa-creu\/\", \"url\": \"https:\/\/imr-servicios.com\/electricidad\/baleares\/electricista-24-horas-en-sant-rafel-de-sa-creu\/\", \"name\": \"electricista 24 horas en Sant Rafel de sa Creu\", \"description\": \"Profesionales en electricista 24 horas disponibles en Sant Rafel de sa Creu\", \"inLanguage\": \"es\", \"isPartOf\": {\"@type\": \"WebSite\", \"url\": \"https:\/\/imr-servicios.com\/electricidad\"}, \"mainEntity\": {\"@id\": \"https:\/\/imr-servicios.com\/electricidad\/baleares\/electricista-24-horas-en-sant-rafel-de-sa-creu\/#service\"}}]}<\/script><\/p>\n","protected":false},"excerpt":{"rendered":"<p>\u00bfLa instalaci\u00f3n el\u00e9ctrica ha dejado de funcionar correctamente? Electricista 24 horas en Sant Rafel de sa Creu Realizamos asistencias urgentes en viviendas, negocios, comunidades y locales con problemas el\u00e9ctricos de todo tipo. &#9993; Solicitar asistencia Instalaciones el\u00e9ctricasElectricidad urgenteInstalaciones el\u00e9ctricasRevisi\u00f3n previa Electricista urgente \u00b7 Aver\u00edas \u00b7 Cuadros el\u00e9ctricos \u00b7 Cortes de suministro Trabajos habituales de electricidad [&hellip;]<\/p>\n","protected":false},"author":1,"featured_media":1374,"comment_status":"open","ping_status":"open","sticky":false,"template":"","format":"standard","meta":{"footnotes":""},"categories":[224],"tags":[],"class_list":["post-5494","post","type-post","status-publish","format-standard","has-post-thumbnail","hentry","category-baleares"],"blocksy_meta":[],"yoast_head":"<!-- This site is optimized with the Yoast SEO plugin v27.8 - https:\/\/yoast.com\/product\/yoast-seo-wordpress\/ -->\n<title>\u25b7 Electricista urgente 24h en Sant Rafel de sa Creu | IMR SERVICIOS<\/title>\n<meta name=\"description\" content=\"Electricista de urgencias en Sant Rafel de sa Creu T\u00e9cnicos preparados para actuar ante aver\u00edas el\u00e9ctricas que requieren atenci\u00f3n inmediata. \u260e\ufe0f Llama ya.\" \/>\n<meta name=\"robots\" content=\"index, follow, max-snippet:-1, max-image-preview:large, max-video-preview:-1\" \/>\n<link rel=\"canonical\" href=\"https:\/\/imr-servicios.com\/electricidad\/sin-categoria\/electricista-24-horas-en-sant-rafel-de-sa-creu\/\" \/>\n<meta property=\"og:locale\" content=\"es_ES\" \/>\n<meta property=\"og:type\" content=\"article\" \/>\n<meta property=\"og:title\" content=\"\u25b7 Electricista urgente 24h en Sant Rafel de sa Creu | IMR SERVICIOS\" \/>\n<meta property=\"og:description\" content=\"Electricista de urgencias en Sant Rafel de sa Creu T\u00e9cnicos preparados para actuar ante aver\u00edas el\u00e9ctricas que requieren atenci\u00f3n inmediata. \u260e\ufe0f Llama ya.\" \/>\n<meta property=\"og:url\" content=\"https:\/\/imr-servicios.com\/electricidad\/sin-categoria\/electricista-24-horas-en-sant-rafel-de-sa-creu\/\" \/>\n<meta property=\"og:site_name\" content=\"Electricidad\" \/>\n<meta property=\"article:published_time\" content=\"2026-04-14T08:51:00+00:00\" \/>\n<meta property=\"og:image\" content=\"https:\/\/imr-servicios.com\/electricidad\/wp-content\/uploads\/sites\/119\/IMR_Electricistas.webp\" \/>\n\t<meta property=\"og:image:width\" content=\"1200\" \/>\n\t<meta property=\"og:image:height\" content=\"800\" \/>\n\t<meta property=\"og:image:type\" content=\"image\/webp\" \/>\n<meta name=\"author\" content=\"madindio\" \/>\n<meta name=\"twitter:card\" content=\"summary_large_image\" \/>\n<meta name=\"twitter:label1\" content=\"Escrito por\" \/>\n\t<meta name=\"twitter:data1\" content=\"madindio\" \/>\n\t<meta name=\"twitter:label2\" content=\"Tiempo de lectura\" \/>\n\t<meta name=\"twitter:data2\" content=\"8 minutos\" \/>\n<!-- \/ Yoast SEO plugin. -->","yoast_head_json":{"title":"\u25b7 Electricista urgente 24h en Sant Rafel de sa Creu | IMR SERVICIOS","description":"Electricista de urgencias en Sant Rafel de sa Creu T\u00e9cnicos preparados para actuar ante aver\u00edas el\u00e9ctricas que requieren atenci\u00f3n inmediata. \u260e\ufe0f Llama ya.","robots":{"index":"index","follow":"follow","max-snippet":"max-snippet:-1","max-image-preview":"max-image-preview:large","max-video-preview":"max-video-preview:-1"},"canonical":"https:\/\/imr-servicios.com\/electricidad\/sin-categoria\/electricista-24-horas-en-sant-rafel-de-sa-creu\/","og_locale":"es_ES","og_type":"article","og_title":"\u25b7 Electricista urgente 24h en Sant Rafel de sa Creu | IMR SERVICIOS","og_description":"Electricista de urgencias en Sant Rafel de sa Creu T\u00e9cnicos preparados para actuar ante aver\u00edas el\u00e9ctricas que requieren atenci\u00f3n inmediata. \u260e\ufe0f Llama ya.","og_url":"https:\/\/imr-servicios.com\/electricidad\/sin-categoria\/electricista-24-horas-en-sant-rafel-de-sa-creu\/","og_site_name":"Electricidad","article_published_time":"2026-04-14T08:51:00+00:00","og_image":[{"width":1200,"height":800,"url":"https:\/\/imr-servicios.com\/electricidad\/wp-content\/uploads\/sites\/119\/IMR_Electricistas.webp","type":"image\/webp"}],"author":"madindio","twitter_card":"summary_large_image","twitter_misc":{"Escrito por":"madindio","Tiempo de lectura":"8 minutos"},"schema":{"@context":"https:\/\/schema.org","@graph":[{"@type":"Article","@id":"https:\/\/imr-servicios.com\/electricidad\/sin-categoria\/electricista-24-horas-en-sant-rafel-de-sa-creu\/#article","isPartOf":{"@id":"https:\/\/imr-servicios.com\/electricidad\/sin-categoria\/electricista-24-horas-en-sant-rafel-de-sa-creu\/"},"author":{"name":"madindio","@id":"https:\/\/imr-servicios.com\/electricidad\/#\/schema\/person\/31d96ea0e6c72ae23ec4f725e949fdab"},"headline":"Electricista 24 horas en Sant Rafel de sa Creu","datePublished":"2026-04-14T08:51:00+00:00","mainEntityOfPage":{"@id":"https:\/\/imr-servicios.com\/electricidad\/sin-categoria\/electricista-24-horas-en-sant-rafel-de-sa-creu\/"},"wordCount":1648,"commentCount":0,"publisher":{"@id":"https:\/\/imr-servicios.com\/electricidad\/#\/schema\/person\/31d96ea0e6c72ae23ec4f725e949fdab"},"image":{"@id":"https:\/\/imr-servicios.com\/electricidad\/sin-categoria\/electricista-24-horas-en-sant-rafel-de-sa-creu\/#primaryimage"},"thumbnailUrl":"https:\/\/imr-servicios.com\/electricidad\/wp-content\/uploads\/sites\/119\/IMR_Electricistas.webp","articleSection":["Baleares"],"inLanguage":"es","potentialAction":[{"@type":"CommentAction","name":"Comment","target":["https:\/\/imr-servicios.com\/electricidad\/sin-categoria\/electricista-24-horas-en-sant-rafel-de-sa-creu\/#respond"]}]},{"@type":"WebPage","@id":"https:\/\/imr-servicios.com\/electricidad\/sin-categoria\/electricista-24-horas-en-sant-rafel-de-sa-creu\/","url":"https:\/\/imr-servicios.com\/electricidad\/sin-categoria\/electricista-24-horas-en-sant-rafel-de-sa-creu\/","name":"\u25b7 Electricista urgente 24h en Sant Rafel de sa Creu | IMR SERVICIOS","isPartOf":{"@id":"https:\/\/imr-servicios.com\/electricidad\/#website"},"primaryImageOfPage":{"@id":"https:\/\/imr-servicios.com\/electricidad\/sin-categoria\/electricista-24-horas-en-sant-rafel-de-sa-creu\/#primaryimage"},"image":{"@id":"https:\/\/imr-servicios.com\/electricidad\/sin-categoria\/electricista-24-horas-en-sant-rafel-de-sa-creu\/#primaryimage"},"thumbnailUrl":"https:\/\/imr-servicios.com\/electricidad\/wp-content\/uploads\/sites\/119\/IMR_Electricistas.webp","datePublished":"2026-04-14T08:51:00+00:00","description":"Electricista de urgencias en Sant Rafel de sa Creu T\u00e9cnicos preparados para actuar ante aver\u00edas el\u00e9ctricas que requieren atenci\u00f3n inmediata. \u260e\ufe0f Llama ya.","breadcrumb":{"@id":"https:\/\/imr-servicios.com\/electricidad\/sin-categoria\/electricista-24-horas-en-sant-rafel-de-sa-creu\/#breadcrumb"},"inLanguage":"es","potentialAction":[{"@type":"ReadAction","target":["https:\/\/imr-servicios.com\/electricidad\/sin-categoria\/electricista-24-horas-en-sant-rafel-de-sa-creu\/"]}]},{"@type":"ImageObject","inLanguage":"es","@id":"https:\/\/imr-servicios.com\/electricidad\/sin-categoria\/electricista-24-horas-en-sant-rafel-de-sa-creu\/#primaryimage","url":"https:\/\/imr-servicios.com\/electricidad\/wp-content\/uploads\/sites\/119\/IMR_Electricistas.webp","contentUrl":"https:\/\/imr-servicios.com\/electricidad\/wp-content\/uploads\/sites\/119\/IMR_Electricistas.webp","width":1200,"height":800,"caption":"IMR_Electricistas"},{"@type":"BreadcrumbList","@id":"https:\/\/imr-servicios.com\/electricidad\/sin-categoria\/electricista-24-horas-en-sant-rafel-de-sa-creu\/#breadcrumb","itemListElement":[{"@type":"ListItem","position":1,"name":"Portada","item":"https:\/\/imr-servicios.com\/electricidad\/"},{"@type":"ListItem","position":2,"name":"Electricista 24 horas en Sant Rafel de sa Creu"}]},{"@type":"WebSite","@id":"https:\/\/imr-servicios.com\/electricidad\/#website","url":"https:\/\/imr-servicios.com\/electricidad\/","name":"IMR Servicios","description":"","publisher":{"@id":"https:\/\/imr-servicios.com\/electricidad\/#\/schema\/person\/31d96ea0e6c72ae23ec4f725e949fdab"},"potentialAction":[{"@type":"SearchAction","target":{"@type":"EntryPoint","urlTemplate":"https:\/\/imr-servicios.com\/electricidad\/?s={search_term_string}"},"query-input":{"@type":"PropertyValueSpecification","valueRequired":true,"valueName":"search_term_string"}}],"inLanguage":"es"},{"@type":["Person","Organization"],"@id":"https:\/\/imr-servicios.com\/electricidad\/#\/schema\/person\/31d96ea0e6c72ae23ec4f725e949fdab","name":"madindio","image":{"@type":"ImageObject","inLanguage":"es","@id":"https:\/\/imr-servicios.com\/electricidad\/wp-content\/uploads\/sites\/119\/Logo-IMR.webp","url":"https:\/\/imr-servicios.com\/electricidad\/wp-content\/uploads\/sites\/119\/Logo-IMR.webp","contentUrl":"https:\/\/imr-servicios.com\/electricidad\/wp-content\/uploads\/sites\/119\/Logo-IMR.webp","width":450,"height":205,"caption":"madindio"},"logo":{"@id":"https:\/\/imr-servicios.com\/electricidad\/wp-content\/uploads\/sites\/119\/Logo-IMR.webp"},"sameAs":["https:\/\/www.uruservice.com"],"url":"https:\/\/imr-servicios.com\/electricidad\/author\/madindio\/"}]}},"_links":{"self":[{"href":"https:\/\/imr-servicios.com\/electricidad\/wp-json\/wp\/v2\/posts\/5494","targetHints":{"allow":["GET"]}}],"collection":[{"href":"https:\/\/imr-servicios.com\/electricidad\/wp-json\/wp\/v2\/posts"}],"about":[{"href":"https:\/\/imr-servicios.com\/electricidad\/wp-json\/wp\/v2\/types\/post"}],"author":[{"embeddable":true,"href":"https:\/\/imr-servicios.com\/electricidad\/wp-json\/wp\/v2\/users\/1"}],"replies":[{"embeddable":true,"href":"https:\/\/imr-servicios.com\/electricidad\/wp-json\/wp\/v2\/comments?post=5494"}],"version-history":[{"count":0,"href":"https:\/\/imr-servicios.com\/electricidad\/wp-json\/wp\/v2\/posts\/5494\/revisions"}],"wp:featuredmedia":[{"embeddable":true,"href":"https:\/\/imr-servicios.com\/electricidad\/wp-json\/wp\/v2\/media\/1374"}],"wp:attachment":[{"href":"https:\/\/imr-servicios.com\/electricidad\/wp-json\/wp\/v2\/media?parent=5494"}],"wp:term":[{"taxonomy":"category","embeddable":true,"href":"https:\/\/imr-servicios.com\/electricidad\/wp-json\/wp\/v2\/categories?post=5494"},{"taxonomy":"post_tag","embeddable":true,"href":"https:\/\/imr-servicios.com\/electricidad\/wp-json\/wp\/v2\/tags?post=5494"}],"curies":[{"name":"wp","href":"https:\/\/api.w.org\/{rel}","templated":true}]}}